{"id":3791,"date":"2026-03-10T07:00:00","date_gmt":"2026-03-10T06:00:00","guid":{"rendered":"https:\/\/www.nextmobility.be\/?p=3791"},"modified":"2026-03-10T07:05:47","modified_gmt":"2026-03-10T06:05:47","slug":"electro-incompatibel-belgie-2026-mythe-realiteit","status":"publish","type":"post","link":"https:\/\/www.nextmobility.be\/nl\/post\/electro-incompatibel-belgie-2026-mythe-realiteit\/","title":{"rendered":"Kun je in 2026 echt electro-incompatibel zijn in Belgi\u00eb?"},"content":{"rendered":"\n<p>&#8220;Ik kan niet overstappen op elektrisch.&#8221; Dit is de zin die ik het vaakst hoor in workshops met fleet managers en HR-verantwoordelijken. Niet als een vraag. Als een constatatie.<\/p>\n\n\n\n<p>Maar in de meeste gevallen houdt deze constatatie geen stand tegen de cijfers. In 2026, met de huidige infrastructuur, de beschikbare voertuigen en de werkelijke afstanden die in Belgi\u00eb worden gereden, is electro-incompatibiliteit de uitzondering geworden \u2014 niet de regel.<\/p>\n\n\n\n<p>Hier zijn de gegevens.<\/p>\n\n\n\n<h2 class=\"wp-block-heading\">1. Werkelijke afstanden: het eerste misverstand<\/h2>\n\n\n\n<p>De meest betrouwbare gegevens over woon-werkverkeer in Belgi\u00eb zijn afkomstig van de federale enqu\u00eate van de FOD Mobiliteit en Vervoer. Deze diagnose, verplicht sinds 2005 voor alle werkgevers met meer dan 100 werknemers, omvat 1,6 miljoen werknemers in 9.731 vestigingseenheden over het hele land.<\/p>\n\n\n\n<p><strong>Gemiddelde afstand per rit<\/strong> : 21 km per traject, oftewel 42 km heen en terug (Federale enqu\u00eate woon-werkverkeer 2021-2022, FOD Mobiliteit en Vervoer).<\/p>\n\n\n\n<p>De BeMob-enqu\u00eate 2022-2023 van dezelfde FOD verfijnt deze gegevens per bedrijfsgrootte:<\/p>\n\n\n\n<figure class=\"wp-block-table\"><table class=\"has-fixed-layout\"><thead><tr><th>Bedrijfsgrootte<\/th><th>Gemiddelde afstand per traject<\/th><\/tr><\/thead><tbody><tr><td>Kleine bedrijven<\/td><td>17,5 km<\/td><\/tr><tr><td>Middelgrote bedrijven<\/td><td>19,3 km<\/td><\/tr><tr><td>Grote bedrijven (\u2264 1.000 werknemers)<\/td><td>22,3 km<\/td><\/tr><tr><td>Grote bedrijven (&gt; 1.000 werknemers)<\/td><td>24,7 km<\/td><\/tr><\/tbody><\/table><\/figure>\n\n\n\n<p>Ook voor werknemers van de grootste Belgische bedrijven \u2014 het segment dat de meerderheid van de vloten en bedrijfswagens bevat \u2014 is het gemiddelde traject heen en terug 49,4 km. Dat is ver verwijderd van de grenzen van een modern elektrisch voertuig.<\/p>\n\n\n\n<p>De afstanden verschillen ook per regio. Het federale rapport toont aan dat intrar\u00e9gionale trajecten relatief kort zijn (Brussel-Brussel: 6,1 km, Vlaanderen-Vlaanderen: 17,6 km, Walloni\u00eb-Walloni\u00eb: 19,2 km). Het zijn de interregionale pendelaars die het gemiddelde omhoog duwen \u2014 Vlaanderen naar Brussel: 37,7 km, Walloni\u00eb naar Brussel: 56,3 km. Maar zelfs deze grote pendelaars blijven binnen het comfortgebied van een EV.<\/p>\n\n\n\n<p><strong>Een opvallend detail<\/strong> : volgens dezelfde federale enqu\u00eate rijdt 50% van de werknemers die minder dan 5 km naar hun werk reizen dit met de auto. En voor trajecten van 5 tot 15 km vertegenwoordigt de auto 67% van de verplaatsingen. Het probleem is niet de afstand. Het is de gewoonte.<\/p>\n\n\n\n<h2 class=\"wp-block-heading\">2. Werkelijke winterautonoom: de echte test<\/h2>\n\n\n\n<p>Het argument &#8220;de autonomie gaat &#8217;s winters omlaag&#8221; is waar. Maar het is inmiddels goed gedocumenteerd en gekwantificeerd.<\/p>\n\n\n\n<p>De meest uitgebreide studie tot nu toe is van Recurrent Auto (winter 2024-2025), uitgevoerd op meer dan 18.000 voertuigen met 22 modellen en 11 merken. Resultaat: onder winterse omstandigheden (onder de 0\u00b0C) behouden EV&#8217;s gemiddeld 80% van hun nominale autonomie, dus een verlies van 20%. Voertuigen met een warmtepomp presteren beter (~17% verlies) dan voertuigen zonder (~25%). De jaarlijkse wintertest van de Noorse automobielfederatie (NAF), uitgevoerd onder werkelijke omstandigheden op 24 tot 29 modellen, bevestigt dit bereik.<\/p>\n\n\n\n<p>Om rekening te houden met de ongunstigste scenario&#8217;s (strenge kou, geen warmtepomp, intensief verwarmingsgebruik), hanteren we hier een conservatief winterverlies van 25%.<\/p>\n\n\n\n<p>Hier is wat dat in de praktijk betekent met de meest voorkomende bedrijfsvloot-voertuigen in Belgi\u00eb in 2026:<\/p>\n\n\n\n<figure class=\"wp-block-table\"><table class=\"has-fixed-layout\"><thead><tr><th>Model<\/th><th>WLTP-autonomie<\/th><th>Winterautonoom (-25%)<\/th><th>Marge vs gemiddeld traject (42 km)<\/th><th>Tijd om batterij leeg te rijden*<\/th><\/tr><\/thead><tbody><tr><td>Mercedes EQA<\/td><td>418 km<\/td><td>~315 km<\/td><td>7,5x<\/td><td>5u15 (66% van de werkdag)<\/td><\/tr><tr><td>Volvo EX30<\/td><td>420 km<\/td><td>~315 km<\/td><td>7,5x<\/td><td>5u15 (66%)<\/td><\/tr><tr><td>Peugeot e-308<\/td><td>449 km<\/td><td>~335 km<\/td><td>8,0x<\/td><td>5u35 (70%)<\/td><\/tr><tr><td>VW ID.4<\/td><td>468 km<\/td><td>~350 km<\/td><td>8,3x<\/td><td>5u50 (73%)<\/td><\/tr><tr><td>BMW iX1 eDrive20<\/td><td>471 km<\/td><td>~355 km<\/td><td>8,5x<\/td><td>5u55 (74%)<\/td><\/tr><tr><td>Audi Q4 e-tron<\/td><td>508 km<\/td><td>~380 km<\/td><td>9,0x<\/td><td>6u20 (79%)<\/td><\/tr><tr><td>Tesla Model 3<\/td><td>517 km<\/td><td>~390 km<\/td><td>9,3x<\/td><td>6u30 (81%)<\/td><\/tr><tr><td>Tesla Model Y LR<\/td><td>574 km<\/td><td>~430 km<\/td><td>10,2x<\/td><td>7u10 (90%)<\/td><\/tr><\/tbody><\/table><\/figure>\n\n\n\n<p>*Bij een gemiddelde snelheid van 60 km\/u (mix stedelijk\/voorstedelijk Belgi\u00eb). Percentage van een werkdag van 8 uur.<\/p>\n\n\n\n<p><strong>Het minst presterende voertuig op deze lijst biedt nog steeds 7,5 keer de afstand van het gemiddelde Belgische traject \u2014 in de winter.<\/strong><\/p>\n\n\n\n<p>Anders gezegd: om de batterij van het minst presterende model onder winterse omstandigheden volledig leeg te rijden, zou je meer dan 5 uur ononderbroken moeten rijden, dus twee derde van een werkdag. Geen vlootbestuurder rijdt vijf uur per dag.<\/p>\n\n\n\n<p>In de praktijk zou zelfs met de slechtste winterautonomie een bestuurder zijn voertuig ongeveer eenmaal per week moeten opladen om zijn woon-werkverkeer af te leggen. Niet elke dag.<\/p>\n\n\n\n<h2 class=\"wp-block-heading\">3. Laadinfrastructuur: een verouderd argument<\/h2>\n\n\n\n<p>In augustus 2025 had Belgi\u00eb meer dan 106.000 openbare en semi-openbare laadpalen (gegevens EAFO \/ EV Belgium). Het land behoort tot de top 5 in Europa \u2014 samen met Nederland, Duitsland, Frankrijk en het Verenigd Koninkrijk, die samen 66% van de totale Europese infrastructuur vertegenwoordigen.<\/p>\n\n\n\n<p><strong>Het onderscheid tussen trage en snelle laadpalen is belangrijk:<\/strong><\/p>\n\n\n\n<figure class=\"wp-block-table\"><table class=\"has-fixed-layout\"><thead><tr><th>Type laadpaal<\/th><th>Aantal (2025)<\/th><th>Jaarlijkse groei<\/th><\/tr><\/thead><tbody><tr><td>AC \u2014 normaal laden (\u2264 22 kW)<\/td><td>~99.300<\/td><td>+22%<\/td><\/tr><tr><td>DC \u2014 snel laden (&gt; 150 kW)<\/td><td>~5.500<\/td><td>+57%<\/td><\/tr><\/tbody><\/table><\/figure>\n\n\n\n<p>93% van de openbare laadpalen zijn AC-palen (wisselstroom, \u2264 22 kW). Dat is logisch: ze voldoen aan dagelijkse behoeften \u2014 laden op het werk, in de straat, in winkelparkeringen. Met een 11 kW AC-paal wint een bedrijfsvlootvoertuig tussen 50 en 73 km per uur laden op, dus het gemiddelde woon-werktraject in 35 tot 50 minuten. Voor de grote meerderheid van de bestuurders volstaat langzaam laden ruim.<\/p>\n\n\n\n<p>De ~5.500 snelle DC-palen (&gt; 150 kW) zijn bedoeld voor lange trajecten en bijladen. Hun aantal is in \u00e9\u00e9n jaar met 57% gestegen. Het aantal operators dat snelladen aanbiedt, is verdubbeld van 30 naar 60 tussen 2023 en 2024. Je haalt 10 tot 80% van de batterij in 20 tot 30 minuten op.<\/p>\n\n\n\n<p>De regionale verdeling:<\/p>\n\n\n\n<figure class=\"wp-block-table\"><table class=\"has-fixed-layout\"><thead><tr><th>Regio<\/th><th>Laadpunten<\/th><th>Openbare\/semi-openbare stations<\/th><\/tr><\/thead><tbody><tr><td>Vlaanderen<\/td><td>82.356<\/td><td>22.310<\/td><\/tr><tr><td>Walloni\u00eb<\/td><td>14.191<\/td><td>3.700<\/td><\/tr><tr><td>Brussel<\/td><td>10.130<\/td><td>3.850<\/td><\/tr><\/tbody><\/table><\/figure>\n\n\n\n<p><strong>Nationaal doel<\/strong> : 220.000 laadpalen tegen 2030, dus een verdubbeling in 5 jaar.<\/p>\n\n\n\n<p>De investeringen zijn concreet: Fastned exploiteert meer dan 400 stations, Allego rolt meer dan 5.000 punten uit in Vlaanderen en 34 nieuwe snelle hubs in Walloni\u00eb, Wereldhave installeert 350+ laadpalen (waarvan 60+ ultrasnel DC) in zijn winkelcentra. In Brussel heeft het ChargyClick-programma 3.500 straat-laadpalen in minder dan twee jaar ge\u00efnstalleerd.<\/p>\n\n\n\n<p><strong>Het regionale gat bestaat<\/strong> : Walloni\u00eb staat achter met 3.700 stations tegen 22.310 in Vlaanderen. Dit is een re\u00ebel aandachtspunt voor vloten met bestuurders in landelijk Walloni\u00eb. Maar het is een versnellingsprobleem, geen haalbaarheidssprobleem.<\/p>\n\n\n\n<h2 class=\"wp-block-heading\">4. Echte electro-incompatibiliteit<\/h2>\n\n\n\n<p>Intellectuele eerlijkheid vereist dat we erkennen dat electro-incompatibiliteit bestaat \u2014 voor een minderheid van profielen. Hier zijn de scenario&#8217;s waar het legitiem is:<\/p>\n\n\n\n<p><strong>Meer dan 300 km per dag, zonder mogelijkheid tot tussentijds laden.<\/strong> Dit is het geval voor bepaalde grote-afstandsverkopers of mobiele technici. Volgens Belgische mobiliteitgegevens betreft dit minder dan 3% van de werkende bevolking. En zelfs voor deze profielen kan snelstroom DC-laden (20 minuten voor 10-80%) het probleem oplossen als de planning het toelaat.<\/p>\n\n\n\n<p><strong>Geen toegang tot laden thuis EN op het werk.<\/strong> Ongeveer 35% van de Belgische huishoudens heeft geen private parkeerplaats. Maar dit percentage neemt af naarmate straatlaadpalen zich vermenigvuldigen en werkgevers laadpalen op hun parkeerplaatsen installeren. Dit is in 2026 een re\u00eble rem, maar niet definitief.<\/p>\n\n\n\n<p><strong>Regelmatig aanhangwagens met zware lasten trekken.<\/strong> Aanhangwagens verminderen de autonomie met 30 tot 50%. Voor bestuurders die regelmatig aanhangwagens of zware apparatuur trekken, zijn huidige bedrijfsvloot-EV&#8217;s ontoereikend. Dit is een nischegeval, maar wel re\u00ebel.<\/p>\n\n\n\n<p><strong>Multi-landtrajecten in zones met geringe dekking.<\/strong> Landelijk Oost-Europa, bepaalde regio&#8217;s in zuid-Spanje of Portugal blijven minder goed uitgerust. Voor bestuurders met regelmatige zakelijke verplaatsingen in deze zones kan een EV problematisch zijn.<\/p>\n\n\n\n<p><strong>Eerlijk gezegd?<\/strong> Deze scenario&#8217;s vertegenwoordigen tussen 3% en 8% van de Belgische vlootbestuurders, afhankelijk van de vlootsamenstelling.<\/p>\n\n\n\n<h2 class=\"wp-block-heading\">5. De gezinstop: stop met ontwerpen voor vakantie<\/h2>\n\n\n\n<p>&#8220;Ik heb een 7-zitter nodig, ik heb 3 kinderen.&#8221; Dit is de meest frequente bezwaar van gezinnen. Het verdient een eerlijk antwoord \u2014 geen eenvoudige lijst met modellen.<\/p>\n\n\n\n<p><strong>Elektrische 7-zitters bestaan.<\/strong> Dat klopt. De Kia EV9, de Peugeot e-5008, de VW ID.Buzz Long, de Volvo EX90 en de Tesla Model X zijn allemaal beschikbaar in leasing in Belgi\u00eb.<\/p>\n\n\n\n<p><strong>Maar de echte vraag is: heb je dat 365 dagen per jaar nodig?<\/strong><\/p>\n\n\n\n<p>Een gezin van 5 (2 volwassenen + 3 kinderen) heeft\u2026 5 zitplaatsen nodig. De 2 extra plaatsen worden slechts af en toe gebruikt: een vriendje van de kinderen dat meegaat, de grootouders, een vakantievertrek met een extra passagier. Ruim geteld gaat het om 15 tot 25 dagen per jaar.<br>Voor gezinnen van meer dan 5 moet je naar de grootste voertuigen (ID.Buzz LWB, Mercedes EQV, Volvo EX90, Kia EV9, enz.) grijpen, die vaak vrij duur zijn in aankoop en gebruik vanwege hun hoge verbruik, dat moet gezegd worden.<\/p>\n\n\n\n<p><strong>De TCO-meerkosten maandelijks zijn aanzienlijk.<\/strong> Hier zijn de operationele lease-gegevens (bron: Directlease.be, tarieven 2025-2026, all-inclusive: lease, verzekering, onderhoud, belastingen):<\/p>\n\n\n\n<figure class=\"wp-block-table\"><table class=\"has-fixed-layout\"><thead><tr><th>Vergelijking<\/th><th>5 zitplaatsen (TCO\/maand)<\/th><th>7 zitplaatsen (TCO\/maand)<\/th><th>Maandelijkse meerkosten<\/th><th>Jaarlijkse meerkosten<\/th><\/tr><\/thead><tbody><tr><td>Tesla Model Y vs Model X<\/td><td>~650 \u20ac<\/td><td>~1.100 \u20ac<\/td><td>+450 \u20ac<\/td><td>+5.400 \u20ac<\/td><\/tr><tr><td>Volvo EX40 vs EX90<\/td><td>~670 \u20ac<\/td><td>~1.160 \u20ac<\/td><td>+490 \u20ac<\/td><td>+5.880 \u20ac<\/td><\/tr><tr><td>Kia EV6 vs EV9<\/td><td>~600 \u20ac<\/td><td>~800 \u20ac<\/td><td>+200 \u20ac<\/td><td>+2.400 \u20ac<\/td><\/tr><\/tbody><\/table><\/figure>\n\n\n\n<p>Voor plaatsen die 340 dagen per jaar leeg zijn.<\/p>\n\n\n\n<p><strong>De oplossing zit in het mobiliteitsbudget.<\/strong> Pijler 2 omvat autoverhuur zonder chauffeur, voor maximaal 30 kalenderdagen per jaar. Dit is precies het geval voor occasionele 7-zitters.<\/p>\n\n\n\n<p>De berekening: 20 dagen verhuur van een monovolume of 7-zitter SUV tegen ~100 \u20ac\/dag = 2.000 \u20ac\/jaar. De jaarlijkse meerkosten van de 7-zitter in lease: 2.400 tot 5.880 \u20ac\/jaar. De rationele keuze is een effici\u00ebnte 5-zitter voor dagelijks gebruik + occasionele huur voor uitzonderingen. Netto besparing: 400 tot 3.880 \u20ac\/jaar.<\/p>\n\n\n\n<p>Zoals mobiliteitonderzoeker Aur\u00e9lien Bigo het formuleert: een auto weegt ongeveer 10 keer wat ze vervoert (passagiers + bagage). Hoe groter het voertuig, hoe erger deze verhouding wordt. Je dagelijks voertuig dimensioneren voor 15 vakantiedagen betekent dat je 2,5 ton 350 dagen per jaar verplaatst om gemiddeld 2 passagiers te vervoeren.<\/p>\n\n\n\n<h2 class=\"wp-block-heading\">6. Groter \u2260 beter: de grote-batterijval<\/h2>\n\n\n\n<p>De andere veel voorkomende reflex: &#8220;Ik wil de grootste batterij mogelijk, om rustig te slapen.&#8221; Dat is intu\u00eftief. Vaak contraproductief.<\/p>\n\n\n\n<p>Een grotere batterij betekent een zwaarder voertuig. Een zwaarder voertuig verbruikt meer. En een voertuig dat meer verbruikt, wint niet proportioneel aan autonomie. Erger: het laadt langzamer op in kilometers per uur.<\/p>\n\n\n\n<p>Laten we 4 voertuigprofielen nemen die in Belgi\u00eb beschikbaar zijn:<\/p>\n\n\n\n<figure class=\"wp-block-table\"><table class=\"has-fixed-layout\"><thead><tr><th><\/th><th>Kia EV3<\/th><th>Tesla Model Y<\/th><th>VW ID.Buzz LWB<\/th><th>Kia EV9<\/th><\/tr><\/thead><tbody><tr><td>Batterij<\/td><td>58 kWh<\/td><td>60 kWh<\/td><td>86 kWh<\/td><td>100 kWh<\/td><\/tr><tr><td>Gewicht<\/td><td>1.580 kg<\/td><td>1.878 kg<\/td><td>2.498 kg<\/td><td>2.614 kg<\/td><\/tr><tr><td>Werkelijk verbruik<\/td><td>~15 kWh\/100 km<\/td><td>~16 kWh\/100 km<\/td><td>~22 kWh\/100 km<\/td><td>~23 kWh\/100 km<\/td><\/tr><tr><td>Prijs incl. btw<\/td><td>~38.000 \u20ac<\/td><td>~40.000 \u20ac<\/td><td>~60.000 \u20ac<\/td><td>~63.000 \u20ac<\/td><\/tr><tr><td>Winterautonoom<\/td><td>~270 km<\/td><td>~300 km<\/td><td>~270 km<\/td><td>~305 km<\/td><\/tr><\/tbody><\/table><\/figure>\n\n\n\n<p>De ID.Buzz heeft een 48% grotere batterij dan de Kia EV3, maar bijna dezelfde winterautonoom. Het gewicht en verbruik absorberen de capaciteitswinst.<\/p>\n\n\n\n<p><strong>In dagelijks gebruik telt het laden thuis.<\/strong> Met dezelfde 11 kW laadpaal thuis ge\u00efnstalleerd:<\/p>\n\n\n\n<figure class=\"wp-block-table\"><table class=\"has-fixed-layout\"><thead><tr><th>Voertuig<\/th><th>km opgehaald per uur (11 kW)<\/th><th>Tijd om 46 km op te halen (gemiddeld traject GB)<\/th><\/tr><\/thead><tbody><tr><td>Kia EV3<\/td><td>73 km\/u<\/td><td>38 min<\/td><\/tr><tr><td>Tesla Model Y<\/td><td>69 km\/u<\/td><td>40 min<\/td><\/tr><tr><td>VW ID.Buzz<\/td><td>50 km\/u<\/td><td>55 min<\/td><\/tr><tr><td>Kia EV9<\/td><td>48 km\/u<\/td><td>58 min<\/td><\/tr><\/tbody><\/table><\/figure>\n\n\n\n<p>Een licht en effici\u00ebnt voertuig haalt het dagelijks traject in een half uur op. Een zware SUV heeft bijna een uur voor hetzelfde resultaat op dezelfde paal.<\/p>\n\n\n\n<p><strong>En op lange trajecten?<\/strong> De DC-laadsnelheid is hoger op grotere voertuigen (240-250 kW vs 128 kW voor de EV3), maar het voordeel wordt gedeeltelijk tenietgedaan door het verbruik. De Tesla Model Y blijft het meest effici\u00ebnte compromis op de markt: relatief licht, snel laden (175 kW voor de standaardversie), en met ingetoomd verbruik.<\/p>\n\n\n\n<p><strong>De goede vraag is niet &#8220;wat is de grootste batterij?&#8221; maar &#8220;welk voertuig past bij mijn 350 dagen dagelijks gebruik?&#8221;<\/strong> De auto van elke dag is niet de auto van vakantie. En net als voor de 7-zitters: het mobiliteitsbudget is er om uitzonderingen te dekken (huur, trein, vliegtuig).<\/p>\n\n\n\n<h2 class=\"wp-block-heading\">7. De tweede auto: een troef, geen mislukking<\/h2>\n\n\n\n<p>Er is een argument dat we zelden horen in het debat over electro-incompatibiliteit: dat van de tweede auto.<\/p>\n\n\n\n<p>In Belgi\u00eb bezitten veel huishoudens twee auto&#8217;s. In dat geval gaat de vraag niet om &#8220;kan de EV alles doen?&#8221; maar &#8220;kan de EV 90% van onze behoeften dekken?&#8221; Het antwoord is bijna altijd ja. De hoofdauto \u2014 die het dagelijkse woon-werktraject rijdt \u2014 is de ideale kandidaat voor elektrisch. De tweede auto kan de zeldzame gevallen dekken waar de autonomie niet volstaat, terwijl infrastructuur en modellen blijven verbeteren.<\/p>\n\n\n\n<p>En voor huishoudens met slechts \u00e9\u00e9n auto stelt de vraag zich anders: in 2026 dekt een EV met 315 km winterautonoom bijna alle dagelijkse behoeften. De paar lange trajecten per jaar worden opgelost met een 20-minuten pauze bij een snelle DC-laadpaal \u2014 de tijd voor een kopje koffie.<\/p>\n\n\n\n<p><strong>Een persoonlijke ervaring.<\/strong> Tussen 2017 en 2019 reed ik dagelijks in een Nissan Leaf eerste generatie. Werkelijke autonomie: ongeveer 100 km. Honderd kilometer. Niet driehonderd, niet vijfhonderd. Honderd. In 2017 waren openbare laadpalen in Belgi\u00eb op je vingers te tellen. Ik zocht naar laadpunten, plantte mijn trajecten, en in twee jaar ben ik nooit vast komen te zitten. Ik verkocht hem uiteindelijk \u2014 niet om terug te gaan naar benzine, maar voor een bakfiets.<\/p>\n\n\n\n<p>Als 100 km autonomie volstond in 2017 met bijna geen infrastructuur, wat zeg je dan van 315 tot 430 km winterautonoom in 2026 met meer dan 106.000 laadpalen?<\/p>\n\n\n\n<p>Electro-incompatibiliteit is geen vast kenmerk. Het is een schuifknop die elk jaar beweegt \u2014 in de goede richting.<\/p>\n\n\n\n<h2 class=\"wp-block-heading\">8. De Belgische paradox: vloot gaat sneller dan particulieren<\/h2>\n\n\n\n<p>E\u00e9n cijfer vat de Belgische situatie samen: 86% van de inschrijvingen van 100% elektrische voertuigen in 2025 komen van de vloot- en leasingmarkt (gegevens FEBIAC\/ICCT).<\/p>\n\n\n\n<figure class=\"wp-block-table\"><table class=\"has-fixed-layout\"><thead><tr><th>Segment<\/th><th>Aandeel EV in nieuwe inschrijvingen<\/th><\/tr><\/thead><tbody><tr><td>Bedrijfswagens<\/td><td>~40%<\/td><\/tr><tr><td>Particuliere aankopen<\/td><td>~10%<\/td><\/tr><\/tbody><\/table><\/figure>\n\n\n\n<p>Belgi\u00eb behoort tot de top 4 in Europa voor EV-inschrijvingen (samen met Duitsland, Nederland en Frankrijk), met een marktaandeel van 35% in 2025. Maar deze prestatie wordt bijna volledig gedragen door de bedrijfswagenmarkt, dankzij belastingvoordelen.<\/p>\n\n\n\n<p><strong>Wat dit betekent voor fleet managers<\/strong> : de elektrificatie van vloten is niet langer een pilootproject. Het is de marktnorm. De 60% van vloten die nog niet zijn overgestapt, liggen achter, niet voor.<\/p>\n\n\n\n<h2 class=\"wp-block-heading\">9. Electro-incompatibiliteit is een diagnose van 2020<\/h2>\n\n\n\n<p>In 2020 schommelde de gemiddelde autonomie van een populaire EV rond de 250 km WLTP. Belgi\u00eb had minder dan 20.000 openbare laadpalen. 7-zitteropties bestonden nauwelijks. Het argument voor electro-incompatibiliteit had zin.<\/p>\n\n\n\n<p>In 2026 zijn de gegevens veranderd:<\/p>\n\n\n\n<ul class=\"wp-block-list\">\n<li>Gemiddelde autonomie: 450-550 km WLTP (315-430 km in winter)<\/li>\n\n\n\n<li>Openbare laadpalen: 106.000+ (waarvan ~5.500 snelle DC, +57%\/jaar)<\/li>\n\n\n\n<li>7-zitteropties: 6+ beschikbare modellen<\/li>\n\n\n\n<li>Snelladen: 10-80% in 20-30 minuten (standaard)<\/li>\n\n\n\n<li>Gemiddelde woon-werkafstand: 21 km (federale enqu\u00eate, 1,6 miljoen werknemers)<\/li>\n<\/ul>\n\n\n\n<p>Electro-incompatibiliteit bestaat nog steeds, maar het betreft een zeer specifiek profiel: meer dan 300 km dagelijks, zonder lademogelijkheid, met regelmatig aanhangwagengebruik. Dit profiel bestaat. Het vertegenwoordigt minder dan 5% van vlootbestuurders.<\/p>\n\n\n\n<p>Voor de resterende 95% is het geen technisch probleem. Het is een informatieprobleem.<\/p>\n\n\n\n<p><em>Bereid je de elektrificatie van je vloot voor en wil je een analyse per bestuurder? Next Mobility begeleidt Belgische bedrijven bij de transitie, met werkelijke gegevens en een pragmatische aanpak. Neem contact met ons op voor een eerste gesprek.<\/em><\/p>\n\n\n\n<p><strong>Bronnen:<\/strong><\/p>\n\n\n\n<ul class=\"wp-block-list\">\n<li><a href=\"https:\/\/mobilit.belgium.be\/fr\/file\/5860\/download?token=5lSpz-uj\" target=\"_blank\" rel=\"noreferrer noopener\">SPF Mobilit\u00e9 et Transports, Enqu\u00eate f\u00e9d\u00e9rale sur les d\u00e9placements domicile-travail 2021-2022 (9.731 unit\u00e9s d&#8217;\u00e9tablissement, 1.623.689 travailleurs)<\/a><\/li>\n\n\n\n<li><a href=\"https:\/\/mobilit.belgium.be\/fr\/file\/7946\/download?token=H2yglelW\" target=\"_blank\" rel=\"noreferrer noopener\">SPF Mobilit\u00e9 et Transports, Enqu\u00eate BeMob sur les d\u00e9placements domicile-travail 2022-2023<\/a><\/li>\n\n\n\n<li><a href=\"https:\/\/ev.com\/news\/study-finds-evs-retain-80-of-range-in-freezing-conditions-a-winter-performance-breakdown\" target=\"_blank\" rel=\"noreferrer noopener\">Recurrent Auto, Winter EV Range Loss Study 2024-2025 (18.000+ v\u00e9hicules, 22 mod\u00e8les, 11 marques)<\/a><\/li>\n\n\n\n<li><a href=\"https:\/\/www.naf.no\/elbil\/elprix-nytt\/elprix-vinter-2026-rekkeviddetest\" target=\"_blank\" rel=\"noreferrer noopener\">F\u00e9d\u00e9ration automobile norv\u00e9gienne (NAF), test hivernal annuel 2024-2025 (24-29 mod\u00e8les)<\/a><\/li>\n\n\n\n<li><a href=\"https:\/\/alternative-fuels-observatory.ec.europa.eu\/transport-mode\/road\/belgium\/infrastructure?source=netto\" target=\"_blank\" rel=\"noreferrer noopener\">European Alternative Fuels Observatory (EAFO), donn\u00e9es infrastructure Belgique 2025<\/a><\/li>\n\n\n\n<li><a href=\"https:\/\/ev.be\/nl\/news\/item\/2025\/08\/20\/persbericht-belgie-viert-vandaag-100.000-publieke-laadpunten-en-kijkt-vooruit-naar-verdubbeling-tegen-2030?originNode=898\">EV Belgium, communiqu\u00e9 de presse &#8220;100.000 bornes&#8221;, ao\u00fbt 2025<\/a><\/li>\n\n\n\n<li><a href=\"https:\/\/directlease.be\/zoek-op-leaseprijs\/\" target=\"_blank\" rel=\"noreferrer noopener\">Directlease.be, donn\u00e9es TCO leasing op\u00e9rationnel Belgique 2025-2026<\/a><\/li>\n\n\n\n<li><a href=\"https:\/\/www.acea.auto\/pc-registrations\/new-car-registrations-1-8-in-2025-battery-electric-17-4-market-share\/\" target=\"_blank\" rel=\"noreferrer noopener\">ACEA, immatriculations de voitures particuli\u00e8res et v\u00e9hicules commerciaux, 2025<\/a><\/li>\n\n\n\n<li><a href=\"https:\/\/www.febiac.be\/fr\/news\/immatriculations-de-vehicules-neufs-decembre-2025\" target=\"_blank\" rel=\"noreferrer noopener\">FEBIAC \/ ICCT, donn\u00e9es d&#8217;immatriculation belges 2025<\/a><\/li>\n\n\n\n<li><a href=\"https:\/\/chair-energy-prosperity.org\/wp-content\/uploads\/2019\/01\/These-Aurelien-Bigo.pdf\" target=\"_blank\" rel=\"noreferrer noopener\">Aur\u00e9lien Bigo, chercheur en mobilit\u00e9, donn\u00e9es sur le ratio poids\/passagers<\/a><\/li>\n<\/ul>\n\n\n\n<p><\/p>\n","protected":false},"excerpt":{"rendered":"<p>&#8220;Ik kan niet overstappen op elektrisch.&#8221; Dit is de zin die ik het vaakst hoor in workshops met fleet managers en HR-verantwoordelijken. Niet als een vraag. Als een constatatie. Maar in de meeste gevallen houdt deze constatatie geen stand tegen de cijfers. In 2026, met de huidige infrastructuur, de beschikbare voertuigen en de werkelijke afstanden [&hellip;]<\/p>\n","protected":false},"author":1,"featured_media":3788,"comment_status":"closed","ping_status":"closed","sticky":false,"template":"","format":"standard","meta":{"_acf_changed":false,"footnotes":""},"categories":[17],"tags":[],"class_list":["post-3791","post","type-post","status-publish","format-standard","has-post-thumbnail","hentry","category-post"],"acf":[],"yoast_head":"<!-- This site is optimized with the Yoast SEO plugin v27.0 - https:\/\/yoast.com\/product\/yoast-seo-wordpress\/ -->\n<title>Kun je in 2026 echt electro-incompatibel zijn in Belgi\u00eb? | Next Mobility<\/title>\n<meta name=\"description\" content=\"Gemiddelde afstand van 21 km, 106.000 laadpalen (waarvan 5.500 snelle DC), winterautonoom van 315+ km: Belgische federale gegevens ontkrachten de mythe van electro-incompatibiliteit. Analyse voor fleet managers.\" \/>\n<meta name=\"robots\" content=\"index, follow, max-snippet:-1, max-image-preview:large, max-video-preview:-1\" \/>\n<link rel=\"canonical\" href=\"https:\/\/www.nextmobility.be\/nl\/post\/electro-incompatibel-belgie-2026-mythe-realiteit\/\" \/>\n<meta property=\"og:locale\" content=\"nl_NL\" \/>\n<meta property=\"og:type\" content=\"article\" \/>\n<meta property=\"og:title\" content=\"Kun je in 2026 echt electro-incompatibel zijn in Belgi\u00eb? | Next Mobility\" \/>\n<meta property=\"og:description\" content=\"Gemiddelde afstand van 21 km, 106.000 laadpalen (waarvan 5.500 snelle DC), winterautonoom van 315+ km: Belgische federale gegevens ontkrachten de mythe van electro-incompatibiliteit. Analyse voor fleet managers.\" \/>\n<meta property=\"og:url\" content=\"https:\/\/www.nextmobility.be\/nl\/post\/electro-incompatibel-belgie-2026-mythe-realiteit\/\" \/>\n<meta property=\"og:site_name\" content=\"Next Mobility\" \/>\n<meta property=\"article:publisher\" content=\"https:\/\/www.facebook.com\/nextmobility.be\" \/>\n<meta property=\"article:published_time\" content=\"2026-03-10T06:00:00+00:00\" \/>\n<meta property=\"article:modified_time\" content=\"2026-03-10T06:05:47+00:00\" \/>\n<meta property=\"og:image\" content=\"https:\/\/www.nextmobility.be\/wp-content\/uploads\/2026\/02\/TableauComparatif.png\" \/>\n\t<meta property=\"og:image:width\" content=\"612\" \/>\n\t<meta property=\"og:image:height\" content=\"344\" \/>\n\t<meta property=\"og:image:type\" content=\"image\/png\" \/>\n<meta name=\"author\" content=\"ux\" \/>\n<meta name=\"twitter:card\" content=\"summary_large_image\" \/>\n<meta name=\"twitter:label1\" content=\"Geschreven door\" \/>\n\t<meta name=\"twitter:data1\" content=\"ux\" \/>\n\t<meta name=\"twitter:label2\" content=\"Geschatte leestijd\" \/>\n\t<meta name=\"twitter:data2\" content=\"14 minuten\" \/>\n<script type=\"application\/ld+json\" class=\"yoast-schema-graph\">{\"@context\":\"https:\/\/schema.org\",\"@graph\":[{\"@type\":\"Article\",\"@id\":\"https:\/\/www.nextmobility.be\/nl\/post\/electro-incompatibel-belgie-2026-mythe-realiteit\/#article\",\"isPartOf\":{\"@id\":\"https:\/\/www.nextmobility.be\/nl\/post\/electro-incompatibel-belgie-2026-mythe-realiteit\/\"},\"author\":{\"name\":\"ux\",\"@id\":\"https:\/\/www.nextmobility.be\/nl\/#\/schema\/person\/087fb5c183f8e9ef599abe31f2db589e\"},\"headline\":\"Kun je in 2026 echt electro-incompatibel zijn in Belgi\u00eb?\",\"datePublished\":\"2026-03-10T06:00:00+00:00\",\"dateModified\":\"2026-03-10T06:05:47+00:00\",\"mainEntityOfPage\":{\"@id\":\"https:\/\/www.nextmobility.be\/nl\/post\/electro-incompatibel-belgie-2026-mythe-realiteit\/\"},\"wordCount\":2328,\"publisher\":{\"@id\":\"https:\/\/www.nextmobility.be\/nl\/#organization\"},\"image\":{\"@id\":\"https:\/\/www.nextmobility.be\/nl\/post\/electro-incompatibel-belgie-2026-mythe-realiteit\/#primaryimage\"},\"thumbnailUrl\":\"https:\/\/www.nextmobility.be\/wp-content\/uploads\/2026\/02\/TableauComparatif.png\",\"articleSection\":[\"Post\"],\"inLanguage\":\"nl-NL\"},{\"@type\":\"WebPage\",\"@id\":\"https:\/\/www.nextmobility.be\/nl\/post\/electro-incompatibel-belgie-2026-mythe-realiteit\/\",\"url\":\"https:\/\/www.nextmobility.be\/nl\/post\/electro-incompatibel-belgie-2026-mythe-realiteit\/\",\"name\":\"Kun je in 2026 echt electro-incompatibel zijn in Belgi\u00eb? | Next Mobility\",\"isPartOf\":{\"@id\":\"https:\/\/www.nextmobility.be\/nl\/#website\"},\"primaryImageOfPage\":{\"@id\":\"https:\/\/www.nextmobility.be\/nl\/post\/electro-incompatibel-belgie-2026-mythe-realiteit\/#primaryimage\"},\"image\":{\"@id\":\"https:\/\/www.nextmobility.be\/nl\/post\/electro-incompatibel-belgie-2026-mythe-realiteit\/#primaryimage\"},\"thumbnailUrl\":\"https:\/\/www.nextmobility.be\/wp-content\/uploads\/2026\/02\/TableauComparatif.png\",\"datePublished\":\"2026-03-10T06:00:00+00:00\",\"dateModified\":\"2026-03-10T06:05:47+00:00\",\"description\":\"Gemiddelde afstand van 21 km, 106.000 laadpalen (waarvan 5.500 snelle DC), winterautonoom van 315+ km: Belgische federale gegevens ontkrachten de mythe van electro-incompatibiliteit. Analyse voor fleet managers.\",\"breadcrumb\":{\"@id\":\"https:\/\/www.nextmobility.be\/nl\/post\/electro-incompatibel-belgie-2026-mythe-realiteit\/#breadcrumb\"},\"inLanguage\":\"nl-NL\",\"potentialAction\":[{\"@type\":\"ReadAction\",\"target\":[\"https:\/\/www.nextmobility.be\/nl\/post\/electro-incompatibel-belgie-2026-mythe-realiteit\/\"]}]},{\"@type\":\"ImageObject\",\"inLanguage\":\"nl-NL\",\"@id\":\"https:\/\/www.nextmobility.be\/nl\/post\/electro-incompatibel-belgie-2026-mythe-realiteit\/#primaryimage\",\"url\":\"https:\/\/www.nextmobility.be\/wp-content\/uploads\/2026\/02\/TableauComparatif.png\",\"contentUrl\":\"https:\/\/www.nextmobility.be\/wp-content\/uploads\/2026\/02\/TableauComparatif.png\",\"width\":612,\"height\":344,\"caption\":\"Tableau de l'autonomie hivernale des VE de flotte (extrait du blog) ou graphique \\\"21 km vs 315-430 km\\\" avec un ratio visuel\"},{\"@type\":\"BreadcrumbList\",\"@id\":\"https:\/\/www.nextmobility.be\/nl\/post\/electro-incompatibel-belgie-2026-mythe-realiteit\/#breadcrumb\",\"itemListElement\":[{\"@type\":\"ListItem\",\"position\":1,\"name\":\"Accueil\",\"item\":\"https:\/\/www.nextmobility.be\/nl\/\"},{\"@type\":\"ListItem\",\"position\":2,\"name\":\"Kun je in 2026 echt electro-incompatibel zijn in Belgi\u00eb?\"}]},{\"@type\":\"WebSite\",\"@id\":\"https:\/\/www.nextmobility.be\/nl\/#website\",\"url\":\"https:\/\/www.nextmobility.be\/nl\/\",\"name\":\"Next Mobility\",\"description\":\"Gestion de la Mobilit\u00e9 Durable\",\"publisher\":{\"@id\":\"https:\/\/www.nextmobility.be\/nl\/#organization\"},\"potentialAction\":[{\"@type\":\"SearchAction\",\"target\":{\"@type\":\"EntryPoint\",\"urlTemplate\":\"https:\/\/www.nextmobility.be\/nl\/?s={search_term_string}\"},\"query-input\":{\"@type\":\"PropertyValueSpecification\",\"valueRequired\":true,\"valueName\":\"search_term_string\"}}],\"inLanguage\":\"nl-NL\"},{\"@type\":\"Organization\",\"@id\":\"https:\/\/www.nextmobility.be\/nl\/#organization\",\"name\":\"Next Mobility\",\"url\":\"https:\/\/www.nextmobility.be\/nl\/\",\"logo\":{\"@type\":\"ImageObject\",\"inLanguage\":\"nl-NL\",\"@id\":\"https:\/\/www.nextmobility.be\/nl\/#\/schema\/logo\/image\/\",\"url\":\"https:\/\/www.nextmobility.be\/wp-content\/uploads\/2025\/09\/logo-next-mobility-header.svg\",\"contentUrl\":\"https:\/\/www.nextmobility.be\/wp-content\/uploads\/2025\/09\/logo-next-mobility-header.svg\",\"caption\":\"Next Mobility\"},\"image\":{\"@id\":\"https:\/\/www.nextmobility.be\/nl\/#\/schema\/logo\/image\/\"},\"sameAs\":[\"https:\/\/www.facebook.com\/nextmobility.be\",\"https:\/\/www.linkedin.com\/company\/nextmobility\/\",\"https:\/\/www.instagram.com\/nextmobilitybelgium\/\",\"https:\/\/www.youtube.com\/@NextMobilityBelgique\"]},{\"@type\":\"Person\",\"@id\":\"https:\/\/www.nextmobility.be\/nl\/#\/schema\/person\/087fb5c183f8e9ef599abe31f2db589e\",\"name\":\"ux\",\"image\":{\"@type\":\"ImageObject\",\"inLanguage\":\"nl-NL\",\"@id\":\"https:\/\/www.nextmobility.be\/nl\/#\/schema\/person\/image\/\",\"url\":\"https:\/\/secure.gravatar.com\/avatar\/55910fdda0e0c45554b3096ceaae8625f4b22c21afd0dceb3d417810a4125655?s=96&d=mm&r=g\",\"contentUrl\":\"https:\/\/secure.gravatar.com\/avatar\/55910fdda0e0c45554b3096ceaae8625f4b22c21afd0dceb3d417810a4125655?s=96&d=mm&r=g\",\"caption\":\"ux\"},\"sameAs\":[\"https:\/\/nextmobility.be\"],\"url\":\"https:\/\/www.nextmobility.be\/nl\/author\/ux\/\"}]}<\/script>\n<!-- \/ Yoast SEO plugin. -->","yoast_head_json":{"title":"Kun je in 2026 echt electro-incompatibel zijn in Belgi\u00eb? | Next Mobility","description":"Gemiddelde afstand van 21 km, 106.000 laadpalen (waarvan 5.500 snelle DC), winterautonoom van 315+ km: Belgische federale gegevens ontkrachten de mythe van electro-incompatibiliteit. Analyse voor fleet managers.","robots":{"index":"index","follow":"follow","max-snippet":"max-snippet:-1","max-image-preview":"max-image-preview:large","max-video-preview":"max-video-preview:-1"},"canonical":"https:\/\/www.nextmobility.be\/nl\/post\/electro-incompatibel-belgie-2026-mythe-realiteit\/","og_locale":"nl_NL","og_type":"article","og_title":"Kun je in 2026 echt electro-incompatibel zijn in Belgi\u00eb? | Next Mobility","og_description":"Gemiddelde afstand van 21 km, 106.000 laadpalen (waarvan 5.500 snelle DC), winterautonoom van 315+ km: Belgische federale gegevens ontkrachten de mythe van electro-incompatibiliteit. Analyse voor fleet managers.","og_url":"https:\/\/www.nextmobility.be\/nl\/post\/electro-incompatibel-belgie-2026-mythe-realiteit\/","og_site_name":"Next Mobility","article_publisher":"https:\/\/www.facebook.com\/nextmobility.be","article_published_time":"2026-03-10T06:00:00+00:00","article_modified_time":"2026-03-10T06:05:47+00:00","og_image":[{"width":612,"height":344,"url":"https:\/\/www.nextmobility.be\/wp-content\/uploads\/2026\/02\/TableauComparatif.png","type":"image\/png"}],"author":"ux","twitter_card":"summary_large_image","twitter_misc":{"Geschreven door":"ux","Geschatte leestijd":"14 minuten"},"schema":{"@context":"https:\/\/schema.org","@graph":[{"@type":"Article","@id":"https:\/\/www.nextmobility.be\/nl\/post\/electro-incompatibel-belgie-2026-mythe-realiteit\/#article","isPartOf":{"@id":"https:\/\/www.nextmobility.be\/nl\/post\/electro-incompatibel-belgie-2026-mythe-realiteit\/"},"author":{"name":"ux","@id":"https:\/\/www.nextmobility.be\/nl\/#\/schema\/person\/087fb5c183f8e9ef599abe31f2db589e"},"headline":"Kun je in 2026 echt electro-incompatibel zijn in Belgi\u00eb?","datePublished":"2026-03-10T06:00:00+00:00","dateModified":"2026-03-10T06:05:47+00:00","mainEntityOfPage":{"@id":"https:\/\/www.nextmobility.be\/nl\/post\/electro-incompatibel-belgie-2026-mythe-realiteit\/"},"wordCount":2328,"publisher":{"@id":"https:\/\/www.nextmobility.be\/nl\/#organization"},"image":{"@id":"https:\/\/www.nextmobility.be\/nl\/post\/electro-incompatibel-belgie-2026-mythe-realiteit\/#primaryimage"},"thumbnailUrl":"https:\/\/www.nextmobility.be\/wp-content\/uploads\/2026\/02\/TableauComparatif.png","articleSection":["Post"],"inLanguage":"nl-NL"},{"@type":"WebPage","@id":"https:\/\/www.nextmobility.be\/nl\/post\/electro-incompatibel-belgie-2026-mythe-realiteit\/","url":"https:\/\/www.nextmobility.be\/nl\/post\/electro-incompatibel-belgie-2026-mythe-realiteit\/","name":"Kun je in 2026 echt electro-incompatibel zijn in Belgi\u00eb? | Next Mobility","isPartOf":{"@id":"https:\/\/www.nextmobility.be\/nl\/#website"},"primaryImageOfPage":{"@id":"https:\/\/www.nextmobility.be\/nl\/post\/electro-incompatibel-belgie-2026-mythe-realiteit\/#primaryimage"},"image":{"@id":"https:\/\/www.nextmobility.be\/nl\/post\/electro-incompatibel-belgie-2026-mythe-realiteit\/#primaryimage"},"thumbnailUrl":"https:\/\/www.nextmobility.be\/wp-content\/uploads\/2026\/02\/TableauComparatif.png","datePublished":"2026-03-10T06:00:00+00:00","dateModified":"2026-03-10T06:05:47+00:00","description":"Gemiddelde afstand van 21 km, 106.000 laadpalen (waarvan 5.500 snelle DC), winterautonoom van 315+ km: Belgische federale gegevens ontkrachten de mythe van electro-incompatibiliteit. Analyse voor fleet managers.","breadcrumb":{"@id":"https:\/\/www.nextmobility.be\/nl\/post\/electro-incompatibel-belgie-2026-mythe-realiteit\/#breadcrumb"},"inLanguage":"nl-NL","potentialAction":[{"@type":"ReadAction","target":["https:\/\/www.nextmobility.be\/nl\/post\/electro-incompatibel-belgie-2026-mythe-realiteit\/"]}]},{"@type":"ImageObject","inLanguage":"nl-NL","@id":"https:\/\/www.nextmobility.be\/nl\/post\/electro-incompatibel-belgie-2026-mythe-realiteit\/#primaryimage","url":"https:\/\/www.nextmobility.be\/wp-content\/uploads\/2026\/02\/TableauComparatif.png","contentUrl":"https:\/\/www.nextmobility.be\/wp-content\/uploads\/2026\/02\/TableauComparatif.png","width":612,"height":344,"caption":"Tableau de l'autonomie hivernale des VE de flotte (extrait du blog) ou graphique \"21 km vs 315-430 km\" avec un ratio visuel"},{"@type":"BreadcrumbList","@id":"https:\/\/www.nextmobility.be\/nl\/post\/electro-incompatibel-belgie-2026-mythe-realiteit\/#breadcrumb","itemListElement":[{"@type":"ListItem","position":1,"name":"Accueil","item":"https:\/\/www.nextmobility.be\/nl\/"},{"@type":"ListItem","position":2,"name":"Kun je in 2026 echt electro-incompatibel zijn in Belgi\u00eb?"}]},{"@type":"WebSite","@id":"https:\/\/www.nextmobility.be\/nl\/#website","url":"https:\/\/www.nextmobility.be\/nl\/","name":"Next Mobility","description":"Gestion de la Mobilit\u00e9 Durable","publisher":{"@id":"https:\/\/www.nextmobility.be\/nl\/#organization"},"potentialAction":[{"@type":"SearchAction","target":{"@type":"EntryPoint","urlTemplate":"https:\/\/www.nextmobility.be\/nl\/?s={search_term_string}"},"query-input":{"@type":"PropertyValueSpecification","valueRequired":true,"valueName":"search_term_string"}}],"inLanguage":"nl-NL"},{"@type":"Organization","@id":"https:\/\/www.nextmobility.be\/nl\/#organization","name":"Next Mobility","url":"https:\/\/www.nextmobility.be\/nl\/","logo":{"@type":"ImageObject","inLanguage":"nl-NL","@id":"https:\/\/www.nextmobility.be\/nl\/#\/schema\/logo\/image\/","url":"https:\/\/www.nextmobility.be\/wp-content\/uploads\/2025\/09\/logo-next-mobility-header.svg","contentUrl":"https:\/\/www.nextmobility.be\/wp-content\/uploads\/2025\/09\/logo-next-mobility-header.svg","caption":"Next Mobility"},"image":{"@id":"https:\/\/www.nextmobility.be\/nl\/#\/schema\/logo\/image\/"},"sameAs":["https:\/\/www.facebook.com\/nextmobility.be","https:\/\/www.linkedin.com\/company\/nextmobility\/","https:\/\/www.instagram.com\/nextmobilitybelgium\/","https:\/\/www.youtube.com\/@NextMobilityBelgique"]},{"@type":"Person","@id":"https:\/\/www.nextmobility.be\/nl\/#\/schema\/person\/087fb5c183f8e9ef599abe31f2db589e","name":"ux","image":{"@type":"ImageObject","inLanguage":"nl-NL","@id":"https:\/\/www.nextmobility.be\/nl\/#\/schema\/person\/image\/","url":"https:\/\/secure.gravatar.com\/avatar\/55910fdda0e0c45554b3096ceaae8625f4b22c21afd0dceb3d417810a4125655?s=96&d=mm&r=g","contentUrl":"https:\/\/secure.gravatar.com\/avatar\/55910fdda0e0c45554b3096ceaae8625f4b22c21afd0dceb3d417810a4125655?s=96&d=mm&r=g","caption":"ux"},"sameAs":["https:\/\/nextmobility.be"],"url":"https:\/\/www.nextmobility.be\/nl\/author\/ux\/"}]}},"_links":{"self":[{"href":"https:\/\/www.nextmobility.be\/nl\/wp-json\/wp\/v2\/posts\/3791","targetHints":{"allow":["GET"]}}],"collection":[{"href":"https:\/\/www.nextmobility.be\/nl\/wp-json\/wp\/v2\/posts"}],"about":[{"href":"https:\/\/www.nextmobility.be\/nl\/wp-json\/wp\/v2\/types\/post"}],"author":[{"embeddable":true,"href":"https:\/\/www.nextmobility.be\/nl\/wp-json\/wp\/v2\/users\/1"}],"replies":[{"embeddable":true,"href":"https:\/\/www.nextmobility.be\/nl\/wp-json\/wp\/v2\/comments?post=3791"}],"version-history":[{"count":1,"href":"https:\/\/www.nextmobility.be\/nl\/wp-json\/wp\/v2\/posts\/3791\/revisions"}],"predecessor-version":[{"id":3794,"href":"https:\/\/www.nextmobility.be\/nl\/wp-json\/wp\/v2\/posts\/3791\/revisions\/3794"}],"wp:featuredmedia":[{"embeddable":true,"href":"https:\/\/www.nextmobility.be\/nl\/wp-json\/wp\/v2\/media\/3788"}],"wp:attachment":[{"href":"https:\/\/www.nextmobility.be\/nl\/wp-json\/wp\/v2\/media?parent=3791"}],"wp:term":[{"taxonomy":"category","embeddable":true,"href":"https:\/\/www.nextmobility.be\/nl\/wp-json\/wp\/v2\/categories?post=3791"},{"taxonomy":"post_tag","embeddable":true,"href":"https:\/\/www.nextmobility.be\/nl\/wp-json\/wp\/v2\/tags?post=3791"}],"curies":[{"name":"wp","href":"https:\/\/api.w.org\/{rel}","templated":true}]}}