{"id":3792,"date":"2026-03-10T07:00:00","date_gmt":"2026-03-10T06:00:00","guid":{"rendered":"https:\/\/www.nextmobility.be\/?p=3792"},"modified":"2026-03-10T07:05:47","modified_gmt":"2026-03-10T06:05:47","slug":"electro-incompatible-belgium-2026-myth-reality","status":"publish","type":"post","link":"https:\/\/www.nextmobility.be\/en\/post\/electro-incompatible-belgium-2026-myth-reality\/","title":{"rendered":"Can You Really Be EV Electro-Incompatible in Belgium in 2026?"},"content":{"rendered":"\n<p>&#8220;I can&#8217;t switch to electric.&#8221; That&#8217;s the phrase I hear most often in workshops with fleet managers and HR directors. Not as a question. As a statement.<\/p>\n\n\n\n<p>Except that in the majority of cases, this statement doesn&#8217;t hold up when you look at the numbers. In 2026, with current infrastructure, available vehicles, and actual commute distances in Belgium, EV electro-incompatibility has become the exception \u2014 not the rule.<\/p>\n\n\n\n<p>Here&#8217;s the data.<\/p>\n\n\n\n<h2 class=\"wp-block-heading\">1. Real commute distances: the first misconception<\/h2>\n\n\n\n<p>The most reliable data on home-to-work commutes in Belgium comes from the Federal Home-to-Work Travel Survey conducted by FPS Mobility and Transport. This diagnostic, mandatory since 2005 for all employers with more than 100 people, covers 1.6 million workers across 9.731 establishments nationwide.<\/p>\n\n\n\n<p><strong>Average distance per trip<\/strong> : 21 km per commute, or 42 km round-trip (Federal Home-to-Work Travel Survey 2021-2022, FPS Mobility and Transport).<\/p>\n\n\n\n<p>The BeMob survey 2022-2023 from the same FPS refines this data by company size:<\/p>\n\n\n\n<figure class=\"wp-block-table\"><table class=\"has-fixed-layout\"><thead><tr><th>Company size<\/th><th>Average distance per commute<\/th><\/tr><\/thead><tbody><tr><td>Small companies<\/td><td>17.5 km<\/td><\/tr><tr><td>Medium companies<\/td><td>19.3 km<\/td><\/tr><tr><td>Large companies (\u2264 1.000 employees)<\/td><td>22.3 km<\/td><\/tr><tr><td>Large companies (&gt; 1.000 employees)<\/td><td>24.7 km<\/td><\/tr><\/tbody><\/table><\/figure>\n\n\n\n<p>Even for workers at Belgium&#8217;s largest companies \u2014 the segment that includes the majority of company car fleets \u2014 the average round-trip is 49.4 km. That&#8217;s far from the limits of a modern EV.<\/p>\n\n\n\n<p>Distances also vary by region. The federal report shows that intra-regional trips are relatively short (Brussels-Brussels: 6.1 km, Flanders-Flanders: 17.6 km, Wallonia-Wallonia: 19.2 km). It&#8217;s inter-regional commuters who push the average higher \u2014 Flanders to Brussels: 37.7 km, Wallonia to Brussels: 56.3 km. But even these long-distance commuters fall well within an EV&#8217;s comfort zone.<\/p>\n\n\n\n<p><strong>A telling detail<\/strong> : according to the same federal survey, 50% of workers commuting less than 5 km do so by car. And for commutes of 5 to 15 km, cars account for 67% of trips. The problem isn&#8217;t distance. It&#8217;s habit.<\/p>\n\n\n\n<h2 class=\"wp-block-heading\">2. Real winter range: the true test<\/h2>\n\n\n\n<p>The argument &#8220;range collapses in winter&#8221; is real. But it&#8217;s now well-documented and quantified.<\/p>\n\n\n\n<p>The most comprehensive study to date is from Recurrent Auto (winter 2024-2025), conducted on over 18.000 vehicles covering 22 models and 11 brands. Result: in winter conditions (below 0\u00b0C), EVs retain on average 80% of their rated range, a loss of 20%. Vehicles equipped with a heat pump perform better (~17% loss) than those without (~25%). The Norwegian Automobile Federation (NAF) annual winter test, conducted under real conditions on 24 to 29 models, confirms this order of magnitude.<\/p>\n\n\n\n<p>To account for the worst-case scenarios (extreme cold, no heat pump, intensive heating use), we apply a conservative winter range loss of 25% here.<\/p>\n\n\n\n<p>Here&#8217;s what this looks like in practice with the most common fleet vehicles in Belgium in 2026:<\/p>\n\n\n\n<figure class=\"wp-block-table\"><table class=\"has-fixed-layout\"><thead><tr><th>Model<\/th><th>WLTP range<\/th><th>Winter range (-25%)<\/th><th>Margin vs average commute (42 km)<\/th><th>Time to drain battery*<\/th><\/tr><\/thead><tbody><tr><td>Mercedes EQA<\/td><td>418 km<\/td><td>~315 km<\/td><td>7.5x<\/td><td>5h15 (66% of working day)<\/td><\/tr><tr><td>Volvo EX30<\/td><td>420 km<\/td><td>~315 km<\/td><td>7.5x<\/td><td>5h15 (66%)<\/td><\/tr><tr><td>Peugeot e-308<\/td><td>449 km<\/td><td>~335 km<\/td><td>8.0x<\/td><td>5h35 (70%)<\/td><\/tr><tr><td>VW ID.4<\/td><td>468 km<\/td><td>~350 km<\/td><td>8.3x<\/td><td>5h50 (73%)<\/td><\/tr><tr><td>BMW iX1 eDrive20<\/td><td>471 km<\/td><td>~355 km<\/td><td>8.5x<\/td><td>5h55 (74%)<\/td><\/tr><tr><td>Audi Q4 e-tron<\/td><td>508 km<\/td><td>~380 km<\/td><td>9.0x<\/td><td>6h20 (79%)<\/td><\/tr><tr><td>Tesla Model 3<\/td><td>517 km<\/td><td>~390 km<\/td><td>9.3x<\/td><td>6h30 (81%)<\/td><\/tr><tr><td>Tesla Model Y LR<\/td><td>574 km<\/td><td>~430 km<\/td><td>10.2x<\/td><td>7h10 (90%)<\/td><\/tr><\/tbody><\/table><\/figure>\n\n\n\n<p>*At an average speed of 60 km\/h (Belgian urban\/suburban mix). Percentage of an 8-hour working day.<\/p>\n\n\n\n<p><strong>The lowest-performing vehicle on this list still offers 7.5 times the distance of the average Belgian commute \u2014 in winter.<\/strong><\/p>\n\n\n\n<p>To put it another way: to completely drain the battery of the lowest-performing model in winter conditions, you&#8217;d need to drive continuously for over 5 hours, or two-thirds of a working day. No fleet driver spends five hours behind the wheel.<\/p>\n\n\n\n<p>In practice, even with the worst winter range, a driver would need to recharge their vehicle about once a week to cover their commutes. Not every day.<\/p>\n\n\n\n<h2 class=\"wp-block-heading\">3. Charging infrastructure: an outdated argument<\/h2>\n\n\n\n<p>In August 2025, Belgium had over 106.000 public and semi-public charging points (EAFO \/ EV Belgium data). The country ranks in Europe&#8217;s top 5 \u2014 alongside the Netherlands, Germany, France, and the United Kingdom, which together represent 66% of total European infrastructure.<\/p>\n\n\n\n<p><strong>The distinction between slow and fast chargers is important:<\/strong><\/p>\n\n\n\n<figure class=\"wp-block-table\"><table class=\"has-fixed-layout\"><thead><tr><th>Charger type<\/th><th>Number (2025)<\/th><th>Annual growth<\/th><\/tr><\/thead><tbody><tr><td>AC \u2014 standard charging (\u2264 22 kW)<\/td><td>~99.300<\/td><td>+22%<\/td><\/tr><tr><td>DC \u2014 fast charging (&gt; 150 kW)<\/td><td>~5.500<\/td><td>+57%<\/td><\/tr><\/tbody><\/table><\/figure>\n\n\n\n<p>93% of public charging points are AC chargers (alternating current, \u2264 22 kW). That makes sense: they cover daily needs \u2014 workplace charging, street charging, retail parking. With an 11 kW AC charger, a fleet vehicle recovers between 50 and 73 km per hour of charging, or the average commute in 35 to 50 minutes. For the vast majority of drivers, slow charging is more than sufficient.<\/p>\n\n\n\n<p>The ~5.500 fast DC chargers (&gt; 150 kW) are designed for long trips and top-up charging. Their number increased 57% in one year. The number of operators offering fast charging doubled, from 30 to 60 between 2023 and 2024. You recover 10 to 80% of battery capacity in 20 to 30 minutes.<\/p>\n\n\n\n<p>Regional distribution:<\/p>\n\n\n\n<figure class=\"wp-block-table\"><table class=\"has-fixed-layout\"><thead><tr><th>Region<\/th><th>Charging points<\/th><th>Public\/semi-public stations<\/th><\/tr><\/thead><tbody><tr><td>Flanders<\/td><td>82.356<\/td><td>22.310<\/td><\/tr><tr><td>Wallonia<\/td><td>14.191<\/td><td>3.700<\/td><\/tr><tr><td>Brussels<\/td><td>10.130<\/td><td>3.850<\/td><\/tr><\/tbody><\/table><\/figure>\n\n\n\n<p><strong>National target<\/strong> : 220.000 charging points by 2030, doubling in 5 years.<\/p>\n\n\n\n<p>Investments are concrete: Fastned operates over 400 stations, Allego is deploying over 5.000 points in Flanders and 34 new fast hubs in Wallonia, Wereldhave is installing 350+ chargers (including 60+ ultra-fast DC) in its shopping centers. In Brussels, the ChargyClick program installed 3.500 street chargers in less than two years.<\/p>\n\n\n\n<p><strong>The regional gap exists<\/strong> : Wallonia lags with 3.700 stations versus 22.310 in Flanders. This is a real concern for fleets with drivers in rural Walloon areas. But it&#8217;s an acceleration problem, not a feasibility problem.<\/p>\n\n\n\n<h2 class=\"wp-block-heading\">4. The real cases of EV electro-incompatibility<\/h2>\n\n\n\n<p>Intellectual honesty requires acknowledging that EV electro-incompatibility exists \u2014 for a minority of profiles. Here are the cases where it&#8217;s legitimate:<\/p>\n\n\n\n<p><strong>More than 300 km per day, with no opportunity to charge in between.<\/strong> This applies to some long-haul salespeople or traveling technicians. According to Belgian mobility data, this affects less than 3% of the active population. And even for these profiles, fast DC charging (20 minutes for 10-80%) can solve the problem if scheduling allows.<\/p>\n\n\n\n<p><strong>No access to home or workplace charging.<\/strong> About 35% of Belgian households don&#8217;t have private parking. But this proportion is declining as street charging points proliferate and employers install chargers in their parking lots. It&#8217;s a real barrier in 2026, but not a permanent one.<\/p>\n\n\n\n<p><strong>Regular heavy towing.<\/strong> Towing reduces range by 30 to 50%. For profiles that regularly tow trailers or heavy equipment, current fleet EVs are still insufficient. It&#8217;s a niche case, but real.<\/p>\n\n\n\n<p><strong>Multi-country trips through areas with weak coverage.<\/strong> Rural Eastern Europe, some regions of southern Spain or Portugal remain less well-served. For profiles with frequent business travel to these areas, an EV can pose problems.<\/p>\n\n\n\n<p><strong>Honestly?<\/strong> These cases represent between 3% and 8% of Belgian fleet drivers, depending on fleet composition.<\/p>\n\n\n\n<h2 class=\"wp-block-heading\">5. The family question: stop sizing for vacations<\/h2>\n\n\n\n<p>&#8220;I need a seven-seater, I have three children.&#8221; It&#8217;s the most frequent objection from families. It deserves an honest answer \u2014 not just a list of models.<\/p>\n\n\n\n<p><strong>Seven-seat EVs exist.<\/strong> It&#8217;s true. The Kia EV9, Peugeot e-5008, VW ID.Buzz Long, Volvo EX90, and Tesla Model X are all available on lease in Belgium.<\/p>\n\n\n\n<p><strong>But the real question is: do you need it 365 days a year?<\/strong><\/p>\n\n\n\n<p>A family of five (2 adults + 3 children) needs\u2026 five seats. The two extra seats are only needed in occasional situations: a friend of the children joining the trip, grandparents, a vacation with an extra passenger. Counting generously, that&#8217;s 15 to 25 days per year.<br>For families larger than five, you&#8217;ll need to look at bigger vehicles (ID.Buzz LWB, Mercedes EQV, Volvo EX90, Kia EV9, etc.), which are often quite costly to buy and operate due to their higher consumption \u2014 we should be honest about that.<\/p>\n\n\n\n<p><strong>The TCO monthly surcharge is considerable.<\/strong> Here&#8217;s operational leasing data (source: Directlease.be, 2025-2026 rates, all-inclusive: lease, insurance, maintenance, taxes):<\/p>\n\n\n\n<figure class=\"wp-block-table\"><table class=\"has-fixed-layout\"><thead><tr><th>Comparison<\/th><th>5-seat (TCO\/month)<\/th><th>7-seat (TCO\/month)<\/th><th>Monthly surcharge<\/th><th>Annual surcharge<\/th><\/tr><\/thead><tbody><tr><td>Tesla Model Y vs Model X<\/td><td>~650 \u20ac<\/td><td>~1.100 \u20ac<\/td><td>+450 \u20ac<\/td><td>+5.400 \u20ac<\/td><\/tr><tr><td>Volvo EX40 vs EX90<\/td><td>~670 \u20ac<\/td><td>~1.160 \u20ac<\/td><td>+490 \u20ac<\/td><td>+5.880 \u20ac<\/td><\/tr><tr><td>Kia EV6 vs EV9<\/td><td>~600 \u20ac<\/td><td>~800 \u20ac<\/td><td>+200 \u20ac<\/td><td>+2.400 \u20ac<\/td><\/tr><\/tbody><\/table><\/figure>\n\n\n\n<p>For seats sitting empty 340 days a year.<\/p>\n\n\n\n<p><strong>The solution is in the mobility budget.<\/strong> Pillar 2 includes car rental without a driver, for a maximum of 30 calendar days per year. That&#8217;s exactly the use case for occasional seven-seaters.<\/p>\n\n\n\n<p>The math: 20 days renting a seven-seat minivan or SUV at ~100 \u20ac\/day = 2.000 \u20ac\/year. Annual surcharge for a seven-seater lease: 2.400 to 5.880 \u20ac\/year. The rational choice is an efficient five-seater for daily use + occasional rental for exceptions. Net savings: 400 to 3.880 \u20ac\/year.<\/p>\n\n\n\n<p>As mobility researcher Aur\u00e9lien Bigo puts it: a car weighs about 10 times what it carries (passengers + luggage). The bigger the vehicle, the worse this ratio. Sizing your daily car for 15 vacation days means accepting to move 2.5 tonnes 350 days a year to transport an average of 2 passengers.<\/p>\n\n\n\n<h2 class=\"wp-block-heading\">6. Bigger \u2260 better: the battery size trap<\/h2>\n\n\n\n<p>The other frequent reflex: &#8220;I want the largest battery possible, to have peace of mind.&#8221; It&#8217;s intuitive. It&#8217;s often counterproductive.<\/p>\n\n\n\n<p>A larger battery means a heavier vehicle. A heavier vehicle consumes more. And a vehicle that consumes more doesn&#8217;t gain proportionally in range. Worse: it charges more slowly in kilometers recovered per hour.<\/p>\n\n\n\n<p>Let&#8217;s take four vehicle profiles available in Belgium:<\/p>\n\n\n\n<figure class=\"wp-block-table\"><table class=\"has-fixed-layout\"><thead><tr><th><\/th><th>Kia EV3<\/th><th>Tesla Model Y<\/th><th>VW ID.Buzz LWB<\/th><th>Kia EV9<\/th><\/tr><\/thead><tbody><tr><td>Battery<\/td><td>58 kWh<\/td><td>60 kWh<\/td><td>86 kWh<\/td><td>100 kWh<\/td><\/tr><tr><td>Weight<\/td><td>1.580 kg<\/td><td>1.878 kg<\/td><td>2.498 kg<\/td><td>2.614 kg<\/td><\/tr><tr><td>Real consumption<\/td><td>~15 kWh\/100 km<\/td><td>~16 kWh\/100 km<\/td><td>~22 kWh\/100 km<\/td><td>~23 kWh\/100 km<\/td><\/tr><tr><td>Price (VAT incl.)<\/td><td>~38.000 \u20ac<\/td><td>~40.000 \u20ac<\/td><td>~60.000 \u20ac<\/td><td>~63.000 \u20ac<\/td><\/tr><tr><td>Winter range<\/td><td>~270 km<\/td><td>~300 km<\/td><td>~270 km<\/td><td>~305 km<\/td><\/tr><\/tbody><\/table><\/figure>\n\n\n\n<p>The ID.Buzz has a 48% larger battery than the Kia EV3, but nearly identical winter range. Weight and consumption absorb the capacity gain.<\/p>\n\n\n\n<p><strong>In daily use, home charging is what matters.<\/strong> With the same 11 kW charger installed at the driver&#8217;s home:<\/p>\n\n\n\n<figure class=\"wp-block-table\"><table class=\"has-fixed-layout\"><thead><tr><th>Vehicle<\/th><th>km recovered per hour (11 kW)<\/th><th>Time to recover 46 km (large company avg. commute)<\/th><\/tr><\/thead><tbody><tr><td>Kia EV3<\/td><td>73 km\/h<\/td><td>38 min<\/td><\/tr><tr><td>Tesla Model Y<\/td><td>69 km\/h<\/td><td>40 min<\/td><\/tr><tr><td>VW ID.Buzz<\/td><td>50 km\/h<\/td><td>55 min<\/td><\/tr><tr><td>Kia EV9<\/td><td>48 km\/h<\/td><td>58 min<\/td><\/tr><\/tbody><\/table><\/figure>\n\n\n\n<p>A light, efficient vehicle recovers the daily commute in half an hour. A heavy SUV needs almost an hour for the same result on the same charger.<\/p>\n\n\n\n<p><strong>And on long trips?<\/strong> DC charging speed is higher on larger vehicles (240-250 kW vs 128 kW for the EV3), but the advantage is partly offset by consumption. The Tesla Model Y remains the most efficient market compromise: relatively light, fast charging (175 kW for the standard version), and contained consumption.<\/p>\n\n\n\n<p><strong>The right question isn&#8217;t &#8220;what&#8217;s the largest battery?&#8221; but &#8220;which vehicle suits my 350 days of daily use?&#8221;<\/strong> Your daily car isn&#8217;t your vacation car. And like the seven-seater question: the mobility budget covers the exceptions (rental, train, plane).<\/p>\n\n\n\n<h2 class=\"wp-block-heading\">7. The second car: an asset, not a failure<\/h2>\n\n\n\n<p>There&#8217;s an argument rarely heard in the EV electro-incompatibility debate: the second car.<\/p>\n\n\n\n<p>In Belgium, many households own two cars. In that case, the question isn&#8217;t &#8220;can the EV do everything?&#8221; but &#8220;can the EV cover 90% of our needs?&#8221; The answer is almost always yes. The primary car \u2014 the one that makes the daily commute \u2014 is the ideal candidate for electric. The second car can cover the rare cases where range isn&#8217;t enough, while infrastructure and models continue to improve.<\/p>\n\n\n\n<p>And for single-car households, the question is different: in 2026, an EV with 315 km winter range covers nearly all daily needs. The few long trips each year are solved by a 20-minute stop at a fast DC charger \u2014 time for a coffee.<\/p>\n\n\n\n<p><strong>A personal experience.<\/strong> Between 2017 and 2019, I drove a first-generation Nissan Leaf daily. Real range: about 100 km. One hundred kilometers. Not three hundred, not five hundred. One hundred. In 2017, public charging points in Belgium could be counted on your fingers. I searched for plugs, I planned my trips, and in two years, I was never stuck. I eventually sold it \u2014 not to go back to gas, but for a cargo bike.<\/p>\n\n\n\n<p>If 100 km of range was enough in 2017 with almost no infrastructure, what about 315 to 430 km of winter range in 2026 with over 106.000 charging points?<\/p>\n\n\n\n<p>EV electro-incompatibility isn&#8217;t a fixed characteristic. It&#8217;s a dial that moves every year \u2014 in the right direction.<\/p>\n\n\n\n<h2 class=\"wp-block-heading\">8. The Belgian paradox: fleets leading the way<\/h2>\n\n\n\n<p>One figure sums up the Belgian situation: 86% of all-electric vehicle registrations in 2025 come from the fleet and leasing market (FEBIAC\/ICCT data).<\/p>\n\n\n\n<figure class=\"wp-block-table\"><table class=\"has-fixed-layout\"><thead><tr><th>Segment<\/th><th>EV share in new registrations<\/th><\/tr><\/thead><tbody><tr><td>Company cars<\/td><td>~40%<\/td><\/tr><tr><td>Private purchases<\/td><td>~10%<\/td><\/tr><\/tbody><\/table><\/figure>\n\n\n\n<p>Belgium ranks in Europe&#8217;s top 4 for EV registrations (alongside Germany, the Netherlands, and France), with a market share of 35% in 2025. But this performance is almost exclusively driven by the company car market, thanks to tax incentives.<\/p>\n\n\n\n<p><strong>What this means for fleet managers<\/strong> : fleet electrification is no longer a pilot project. It&#8217;s the market standard. The 60% of fleets that haven&#8217;t yet switched are behind the curve, not ahead.<\/p>\n\n\n\n<h2 class=\"wp-block-heading\">9. EV electro-incompatibility is a 2020 diagnosis<\/h2>\n\n\n\n<p>In 2020, the average range of a popular EV was around 250 km WLTP. Belgium had fewer than 20.000 public charging points. Seven-seat options barely existed. The EV electro-incompatibility argument made sense.<\/p>\n\n\n\n<p>In 2026, the data has changed:<\/p>\n\n\n\n<ul class=\"wp-block-list\">\n<li>Average range: 450-550 km WLTP (315-430 km in winter)<\/li>\n\n\n\n<li>Public charging points: 106.000+ (including ~5.500 fast DC, +57%\/year)<\/li>\n\n\n\n<li>Seven-seat options: 6+ models available<\/li>\n\n\n\n<li>Fast charging: 10-80% in 20-30 minutes (standard)<\/li>\n\n\n\n<li>Average home-to-work commute: 21 km (federal survey, 1.6 million workers)<\/li>\n<\/ul>\n\n\n\n<p>EV electro-incompatibility still exists, but it affects a very specific profile: more than 300 km daily, no access to charging, regular heavy towing. That profile exists. It represents less than 5% of fleet drivers.<\/p>\n\n\n\n<p>For the remaining 95%, it&#8217;s not a technical problem. It&#8217;s an information problem.<\/p>\n\n\n\n<p><em>Are you planning your fleet&#8217;s electrification and want analysis by driver profile? Next Mobility supports Belgian companies through the transition, with real data and a pragmatic approach. Contact us for an initial conversation.<\/em><\/p>\n\n\n\n<p><strong>Sources:<\/strong><\/p>\n\n\n\n<ul class=\"wp-block-list\">\n<li><a href=\"https:\/\/mobilit.belgium.be\/fr\/file\/5860\/download?token=5lSpz-uj\" target=\"_blank\" rel=\"noreferrer noopener\">SPF Mobilit\u00e9 et Transports, Enqu\u00eate f\u00e9d\u00e9rale sur les d\u00e9placements domicile-travail 2021-2022 (9.731 unit\u00e9s d&#8217;\u00e9tablissement, 1.623.689 travailleurs)<\/a><\/li>\n\n\n\n<li><a href=\"https:\/\/mobilit.belgium.be\/fr\/file\/7946\/download?token=H2yglelW\" target=\"_blank\" rel=\"noreferrer noopener\">SPF Mobilit\u00e9 et Transports, Enqu\u00eate BeMob sur les d\u00e9placements domicile-travail 2022-2023<\/a><\/li>\n\n\n\n<li><a href=\"https:\/\/ev.com\/news\/study-finds-evs-retain-80-of-range-in-freezing-conditions-a-winter-performance-breakdown\" target=\"_blank\" rel=\"noreferrer noopener\">Recurrent Auto, Winter EV Range Loss Study 2024-2025 (18.000+ v\u00e9hicules, 22 mod\u00e8les, 11 marques)<\/a><\/li>\n\n\n\n<li><a href=\"https:\/\/www.naf.no\/elbil\/elprix-nytt\/elprix-vinter-2026-rekkeviddetest\" target=\"_blank\" rel=\"noreferrer noopener\">F\u00e9d\u00e9ration automobile norv\u00e9gienne (NAF), test hivernal annuel 2024-2025 (24-29 mod\u00e8les)<\/a><\/li>\n\n\n\n<li><a href=\"https:\/\/alternative-fuels-observatory.ec.europa.eu\/transport-mode\/road\/belgium\/infrastructure?source=netto\" target=\"_blank\" rel=\"noreferrer noopener\">European Alternative Fuels Observatory (EAFO), donn\u00e9es infrastructure Belgique 2025<\/a><\/li>\n\n\n\n<li><a href=\"https:\/\/ev.be\/nl\/news\/item\/2025\/08\/20\/persbericht-belgie-viert-vandaag-100.000-publieke-laadpunten-en-kijkt-vooruit-naar-verdubbeling-tegen-2030?originNode=898\">EV Belgium, communiqu\u00e9 de presse &#8220;100.000 bornes&#8221;, ao\u00fbt 2025<\/a><\/li>\n\n\n\n<li><a href=\"https:\/\/directlease.be\/zoek-op-leaseprijs\/\" target=\"_blank\" rel=\"noreferrer noopener\">Directlease.be, donn\u00e9es TCO leasing op\u00e9rationnel Belgique 2025-2026<\/a><\/li>\n\n\n\n<li><a href=\"https:\/\/www.acea.auto\/pc-registrations\/new-car-registrations-1-8-in-2025-battery-electric-17-4-market-share\/\" target=\"_blank\" rel=\"noreferrer noopener\">ACEA, immatriculations de voitures particuli\u00e8res et v\u00e9hicules commerciaux, 2025<\/a><\/li>\n\n\n\n<li><a href=\"https:\/\/www.febiac.be\/fr\/news\/immatriculations-de-vehicules-neufs-decembre-2025\" target=\"_blank\" rel=\"noreferrer noopener\">FEBIAC \/ ICCT, donn\u00e9es d&#8217;immatriculation belges 2025<\/a><\/li>\n\n\n\n<li><a href=\"https:\/\/chair-energy-prosperity.org\/wp-content\/uploads\/2019\/01\/These-Aurelien-Bigo.pdf\" target=\"_blank\" rel=\"noreferrer noopener\">Aur\u00e9lien Bigo, chercheur en mobilit\u00e9, donn\u00e9es sur le ratio poids\/passagers<\/a><\/li>\n<\/ul>\n\n\n\n<p><\/p>\n","protected":false},"excerpt":{"rendered":"<p>&#8220;I can&#8217;t switch to electric.&#8221; That&#8217;s the phrase I hear most often in workshops with fleet managers and HR directors. Not as a question. As a statement. Except that in the majority of cases, this statement doesn&#8217;t hold up when you look at the numbers. In 2026, with current infrastructure, available vehicles, and actual commute [&hellip;]<\/p>\n","protected":false},"author":1,"featured_media":3789,"comment_status":"closed","ping_status":"closed","sticky":false,"template":"","format":"standard","meta":{"_acf_changed":false,"footnotes":""},"categories":[1],"tags":[],"class_list":["post-3792","post","type-post","status-publish","format-standard","has-post-thumbnail","hentry","category-post"],"acf":[],"yoast_head":"<!-- This site is optimized with the Yoast SEO plugin v27.0 - https:\/\/yoast.com\/product\/yoast-seo-wordpress\/ -->\n<title>Can You Really Be EV Electro-Incompatible in Belgium in 2026? | Next Mobility<\/title>\n<meta name=\"description\" content=\"Average commute distance of 21 km, 106.000 charging points (including 5.500 fast DC), winter range of 315+ km: Belgian federal data debunk the EV electro-incompatibility myth. Analysis for fleet managers.\" \/>\n<meta name=\"robots\" content=\"index, follow, max-snippet:-1, max-image-preview:large, max-video-preview:-1\" \/>\n<link rel=\"canonical\" href=\"https:\/\/www.nextmobility.be\/en\/post\/electro-incompatible-belgium-2026-myth-reality\/\" \/>\n<meta property=\"og:locale\" content=\"en_US\" \/>\n<meta property=\"og:type\" content=\"article\" \/>\n<meta property=\"og:title\" content=\"Can You Really Be EV Electro-Incompatible in Belgium in 2026? | Next Mobility\" \/>\n<meta property=\"og:description\" content=\"Average commute distance of 21 km, 106.000 charging points (including 5.500 fast DC), winter range of 315+ km: Belgian federal data debunk the EV electro-incompatibility myth. Analysis for fleet managers.\" \/>\n<meta property=\"og:url\" content=\"https:\/\/www.nextmobility.be\/en\/post\/electro-incompatible-belgium-2026-myth-reality\/\" \/>\n<meta property=\"og:site_name\" content=\"Next Mobility\" \/>\n<meta property=\"article:publisher\" content=\"https:\/\/www.facebook.com\/nextmobility.be\" \/>\n<meta property=\"article:published_time\" content=\"2026-03-10T06:00:00+00:00\" \/>\n<meta property=\"article:modified_time\" content=\"2026-03-10T06:05:47+00:00\" \/>\n<meta property=\"og:image\" content=\"https:\/\/www.nextmobility.be\/wp-content\/uploads\/2026\/02\/TableauComparatif.png\" \/>\n\t<meta property=\"og:image:width\" content=\"612\" \/>\n\t<meta property=\"og:image:height\" content=\"344\" \/>\n\t<meta property=\"og:image:type\" content=\"image\/png\" \/>\n<meta name=\"author\" content=\"ux\" \/>\n<meta name=\"twitter:card\" content=\"summary_large_image\" \/>\n<meta name=\"twitter:label1\" content=\"Written by\" \/>\n\t<meta name=\"twitter:data1\" content=\"ux\" \/>\n\t<meta name=\"twitter:label2\" content=\"Est. reading time\" \/>\n\t<meta name=\"twitter:data2\" content=\"13 minutes\" \/>\n<script type=\"application\/ld+json\" class=\"yoast-schema-graph\">{\"@context\":\"https:\/\/schema.org\",\"@graph\":[{\"@type\":\"Article\",\"@id\":\"https:\/\/www.nextmobility.be\/en\/post\/electro-incompatible-belgium-2026-myth-reality\/#article\",\"isPartOf\":{\"@id\":\"https:\/\/www.nextmobility.be\/en\/post\/electro-incompatible-belgium-2026-myth-reality\/\"},\"author\":{\"name\":\"ux\",\"@id\":\"https:\/\/www.nextmobility.be\/en\/#\/schema\/person\/087fb5c183f8e9ef599abe31f2db589e\"},\"headline\":\"Can You Really Be EV Electro-Incompatible in Belgium in 2026?\",\"datePublished\":\"2026-03-10T06:00:00+00:00\",\"dateModified\":\"2026-03-10T06:05:47+00:00\",\"mainEntityOfPage\":{\"@id\":\"https:\/\/www.nextmobility.be\/en\/post\/electro-incompatible-belgium-2026-myth-reality\/\"},\"wordCount\":2328,\"publisher\":{\"@id\":\"https:\/\/www.nextmobility.be\/en\/#organization\"},\"image\":{\"@id\":\"https:\/\/www.nextmobility.be\/en\/post\/electro-incompatible-belgium-2026-myth-reality\/#primaryimage\"},\"thumbnailUrl\":\"https:\/\/www.nextmobility.be\/wp-content\/uploads\/2026\/02\/TableauComparatif.png\",\"articleSection\":[\"post\"],\"inLanguage\":\"en-US\"},{\"@type\":\"WebPage\",\"@id\":\"https:\/\/www.nextmobility.be\/en\/post\/electro-incompatible-belgium-2026-myth-reality\/\",\"url\":\"https:\/\/www.nextmobility.be\/en\/post\/electro-incompatible-belgium-2026-myth-reality\/\",\"name\":\"Can You Really Be EV Electro-Incompatible in Belgium in 2026? | Next Mobility\",\"isPartOf\":{\"@id\":\"https:\/\/www.nextmobility.be\/en\/#website\"},\"primaryImageOfPage\":{\"@id\":\"https:\/\/www.nextmobility.be\/en\/post\/electro-incompatible-belgium-2026-myth-reality\/#primaryimage\"},\"image\":{\"@id\":\"https:\/\/www.nextmobility.be\/en\/post\/electro-incompatible-belgium-2026-myth-reality\/#primaryimage\"},\"thumbnailUrl\":\"https:\/\/www.nextmobility.be\/wp-content\/uploads\/2026\/02\/TableauComparatif.png\",\"datePublished\":\"2026-03-10T06:00:00+00:00\",\"dateModified\":\"2026-03-10T06:05:47+00:00\",\"description\":\"Average commute distance of 21 km, 106.000 charging points (including 5.500 fast DC), winter range of 315+ km: Belgian federal data debunk the EV electro-incompatibility myth. Analysis for fleet managers.\",\"breadcrumb\":{\"@id\":\"https:\/\/www.nextmobility.be\/en\/post\/electro-incompatible-belgium-2026-myth-reality\/#breadcrumb\"},\"inLanguage\":\"en-US\",\"potentialAction\":[{\"@type\":\"ReadAction\",\"target\":[\"https:\/\/www.nextmobility.be\/en\/post\/electro-incompatible-belgium-2026-myth-reality\/\"]}]},{\"@type\":\"ImageObject\",\"inLanguage\":\"en-US\",\"@id\":\"https:\/\/www.nextmobility.be\/en\/post\/electro-incompatible-belgium-2026-myth-reality\/#primaryimage\",\"url\":\"https:\/\/www.nextmobility.be\/wp-content\/uploads\/2026\/02\/TableauComparatif.png\",\"contentUrl\":\"https:\/\/www.nextmobility.be\/wp-content\/uploads\/2026\/02\/TableauComparatif.png\",\"width\":612,\"height\":344,\"caption\":\"Tableau de l'autonomie hivernale des VE de flotte (extrait du blog) ou graphique \\\"21 km vs 315-430 km\\\" avec un ratio visuel\"},{\"@type\":\"BreadcrumbList\",\"@id\":\"https:\/\/www.nextmobility.be\/en\/post\/electro-incompatible-belgium-2026-myth-reality\/#breadcrumb\",\"itemListElement\":[{\"@type\":\"ListItem\",\"position\":1,\"name\":\"Accueil\",\"item\":\"https:\/\/www.nextmobility.be\/en\/\"},{\"@type\":\"ListItem\",\"position\":2,\"name\":\"Can You Really Be EV Electro-Incompatible in Belgium in 2026?\"}]},{\"@type\":\"WebSite\",\"@id\":\"https:\/\/www.nextmobility.be\/en\/#website\",\"url\":\"https:\/\/www.nextmobility.be\/en\/\",\"name\":\"Next Mobility\",\"description\":\"Gestion de la Mobilit\u00e9 Durable\",\"publisher\":{\"@id\":\"https:\/\/www.nextmobility.be\/en\/#organization\"},\"potentialAction\":[{\"@type\":\"SearchAction\",\"target\":{\"@type\":\"EntryPoint\",\"urlTemplate\":\"https:\/\/www.nextmobility.be\/en\/?s={search_term_string}\"},\"query-input\":{\"@type\":\"PropertyValueSpecification\",\"valueRequired\":true,\"valueName\":\"search_term_string\"}}],\"inLanguage\":\"en-US\"},{\"@type\":\"Organization\",\"@id\":\"https:\/\/www.nextmobility.be\/en\/#organization\",\"name\":\"Next Mobility\",\"url\":\"https:\/\/www.nextmobility.be\/en\/\",\"logo\":{\"@type\":\"ImageObject\",\"inLanguage\":\"en-US\",\"@id\":\"https:\/\/www.nextmobility.be\/en\/#\/schema\/logo\/image\/\",\"url\":\"https:\/\/www.nextmobility.be\/wp-content\/uploads\/2025\/09\/logo-next-mobility-header.svg\",\"contentUrl\":\"https:\/\/www.nextmobility.be\/wp-content\/uploads\/2025\/09\/logo-next-mobility-header.svg\",\"caption\":\"Next Mobility\"},\"image\":{\"@id\":\"https:\/\/www.nextmobility.be\/en\/#\/schema\/logo\/image\/\"},\"sameAs\":[\"https:\/\/www.facebook.com\/nextmobility.be\",\"https:\/\/www.linkedin.com\/company\/nextmobility\/\",\"https:\/\/www.instagram.com\/nextmobilitybelgium\/\",\"https:\/\/www.youtube.com\/@NextMobilityBelgique\"]},{\"@type\":\"Person\",\"@id\":\"https:\/\/www.nextmobility.be\/en\/#\/schema\/person\/087fb5c183f8e9ef599abe31f2db589e\",\"name\":\"ux\",\"image\":{\"@type\":\"ImageObject\",\"inLanguage\":\"en-US\",\"@id\":\"https:\/\/www.nextmobility.be\/en\/#\/schema\/person\/image\/\",\"url\":\"https:\/\/secure.gravatar.com\/avatar\/55910fdda0e0c45554b3096ceaae8625f4b22c21afd0dceb3d417810a4125655?s=96&d=mm&r=g\",\"contentUrl\":\"https:\/\/secure.gravatar.com\/avatar\/55910fdda0e0c45554b3096ceaae8625f4b22c21afd0dceb3d417810a4125655?s=96&d=mm&r=g\",\"caption\":\"ux\"},\"sameAs\":[\"https:\/\/nextmobility.be\"],\"url\":\"https:\/\/www.nextmobility.be\/en\/author\/ux\/\"}]}<\/script>\n<!-- \/ Yoast SEO plugin. -->","yoast_head_json":{"title":"Can You Really Be EV Electro-Incompatible in Belgium in 2026? | Next Mobility","description":"Average commute distance of 21 km, 106.000 charging points (including 5.500 fast DC), winter range of 315+ km: Belgian federal data debunk the EV electro-incompatibility myth. Analysis for fleet managers.","robots":{"index":"index","follow":"follow","max-snippet":"max-snippet:-1","max-image-preview":"max-image-preview:large","max-video-preview":"max-video-preview:-1"},"canonical":"https:\/\/www.nextmobility.be\/en\/post\/electro-incompatible-belgium-2026-myth-reality\/","og_locale":"en_US","og_type":"article","og_title":"Can You Really Be EV Electro-Incompatible in Belgium in 2026? | Next Mobility","og_description":"Average commute distance of 21 km, 106.000 charging points (including 5.500 fast DC), winter range of 315+ km: Belgian federal data debunk the EV electro-incompatibility myth. Analysis for fleet managers.","og_url":"https:\/\/www.nextmobility.be\/en\/post\/electro-incompatible-belgium-2026-myth-reality\/","og_site_name":"Next Mobility","article_publisher":"https:\/\/www.facebook.com\/nextmobility.be","article_published_time":"2026-03-10T06:00:00+00:00","article_modified_time":"2026-03-10T06:05:47+00:00","og_image":[{"width":612,"height":344,"url":"https:\/\/www.nextmobility.be\/wp-content\/uploads\/2026\/02\/TableauComparatif.png","type":"image\/png"}],"author":"ux","twitter_card":"summary_large_image","twitter_misc":{"Written by":"ux","Est. reading time":"13 minutes"},"schema":{"@context":"https:\/\/schema.org","@graph":[{"@type":"Article","@id":"https:\/\/www.nextmobility.be\/en\/post\/electro-incompatible-belgium-2026-myth-reality\/#article","isPartOf":{"@id":"https:\/\/www.nextmobility.be\/en\/post\/electro-incompatible-belgium-2026-myth-reality\/"},"author":{"name":"ux","@id":"https:\/\/www.nextmobility.be\/en\/#\/schema\/person\/087fb5c183f8e9ef599abe31f2db589e"},"headline":"Can You Really Be EV Electro-Incompatible in Belgium in 2026?","datePublished":"2026-03-10T06:00:00+00:00","dateModified":"2026-03-10T06:05:47+00:00","mainEntityOfPage":{"@id":"https:\/\/www.nextmobility.be\/en\/post\/electro-incompatible-belgium-2026-myth-reality\/"},"wordCount":2328,"publisher":{"@id":"https:\/\/www.nextmobility.be\/en\/#organization"},"image":{"@id":"https:\/\/www.nextmobility.be\/en\/post\/electro-incompatible-belgium-2026-myth-reality\/#primaryimage"},"thumbnailUrl":"https:\/\/www.nextmobility.be\/wp-content\/uploads\/2026\/02\/TableauComparatif.png","articleSection":["post"],"inLanguage":"en-US"},{"@type":"WebPage","@id":"https:\/\/www.nextmobility.be\/en\/post\/electro-incompatible-belgium-2026-myth-reality\/","url":"https:\/\/www.nextmobility.be\/en\/post\/electro-incompatible-belgium-2026-myth-reality\/","name":"Can You Really Be EV Electro-Incompatible in Belgium in 2026? | Next Mobility","isPartOf":{"@id":"https:\/\/www.nextmobility.be\/en\/#website"},"primaryImageOfPage":{"@id":"https:\/\/www.nextmobility.be\/en\/post\/electro-incompatible-belgium-2026-myth-reality\/#primaryimage"},"image":{"@id":"https:\/\/www.nextmobility.be\/en\/post\/electro-incompatible-belgium-2026-myth-reality\/#primaryimage"},"thumbnailUrl":"https:\/\/www.nextmobility.be\/wp-content\/uploads\/2026\/02\/TableauComparatif.png","datePublished":"2026-03-10T06:00:00+00:00","dateModified":"2026-03-10T06:05:47+00:00","description":"Average commute distance of 21 km, 106.000 charging points (including 5.500 fast DC), winter range of 315+ km: Belgian federal data debunk the EV electro-incompatibility myth. Analysis for fleet managers.","breadcrumb":{"@id":"https:\/\/www.nextmobility.be\/en\/post\/electro-incompatible-belgium-2026-myth-reality\/#breadcrumb"},"inLanguage":"en-US","potentialAction":[{"@type":"ReadAction","target":["https:\/\/www.nextmobility.be\/en\/post\/electro-incompatible-belgium-2026-myth-reality\/"]}]},{"@type":"ImageObject","inLanguage":"en-US","@id":"https:\/\/www.nextmobility.be\/en\/post\/electro-incompatible-belgium-2026-myth-reality\/#primaryimage","url":"https:\/\/www.nextmobility.be\/wp-content\/uploads\/2026\/02\/TableauComparatif.png","contentUrl":"https:\/\/www.nextmobility.be\/wp-content\/uploads\/2026\/02\/TableauComparatif.png","width":612,"height":344,"caption":"Tableau de l'autonomie hivernale des VE de flotte (extrait du blog) ou graphique \"21 km vs 315-430 km\" avec un ratio visuel"},{"@type":"BreadcrumbList","@id":"https:\/\/www.nextmobility.be\/en\/post\/electro-incompatible-belgium-2026-myth-reality\/#breadcrumb","itemListElement":[{"@type":"ListItem","position":1,"name":"Accueil","item":"https:\/\/www.nextmobility.be\/en\/"},{"@type":"ListItem","position":2,"name":"Can You Really Be EV Electro-Incompatible in Belgium in 2026?"}]},{"@type":"WebSite","@id":"https:\/\/www.nextmobility.be\/en\/#website","url":"https:\/\/www.nextmobility.be\/en\/","name":"Next Mobility","description":"Gestion de la Mobilit\u00e9 Durable","publisher":{"@id":"https:\/\/www.nextmobility.be\/en\/#organization"},"potentialAction":[{"@type":"SearchAction","target":{"@type":"EntryPoint","urlTemplate":"https:\/\/www.nextmobility.be\/en\/?s={search_term_string}"},"query-input":{"@type":"PropertyValueSpecification","valueRequired":true,"valueName":"search_term_string"}}],"inLanguage":"en-US"},{"@type":"Organization","@id":"https:\/\/www.nextmobility.be\/en\/#organization","name":"Next Mobility","url":"https:\/\/www.nextmobility.be\/en\/","logo":{"@type":"ImageObject","inLanguage":"en-US","@id":"https:\/\/www.nextmobility.be\/en\/#\/schema\/logo\/image\/","url":"https:\/\/www.nextmobility.be\/wp-content\/uploads\/2025\/09\/logo-next-mobility-header.svg","contentUrl":"https:\/\/www.nextmobility.be\/wp-content\/uploads\/2025\/09\/logo-next-mobility-header.svg","caption":"Next Mobility"},"image":{"@id":"https:\/\/www.nextmobility.be\/en\/#\/schema\/logo\/image\/"},"sameAs":["https:\/\/www.facebook.com\/nextmobility.be","https:\/\/www.linkedin.com\/company\/nextmobility\/","https:\/\/www.instagram.com\/nextmobilitybelgium\/","https:\/\/www.youtube.com\/@NextMobilityBelgique"]},{"@type":"Person","@id":"https:\/\/www.nextmobility.be\/en\/#\/schema\/person\/087fb5c183f8e9ef599abe31f2db589e","name":"ux","image":{"@type":"ImageObject","inLanguage":"en-US","@id":"https:\/\/www.nextmobility.be\/en\/#\/schema\/person\/image\/","url":"https:\/\/secure.gravatar.com\/avatar\/55910fdda0e0c45554b3096ceaae8625f4b22c21afd0dceb3d417810a4125655?s=96&d=mm&r=g","contentUrl":"https:\/\/secure.gravatar.com\/avatar\/55910fdda0e0c45554b3096ceaae8625f4b22c21afd0dceb3d417810a4125655?s=96&d=mm&r=g","caption":"ux"},"sameAs":["https:\/\/nextmobility.be"],"url":"https:\/\/www.nextmobility.be\/en\/author\/ux\/"}]}},"_links":{"self":[{"href":"https:\/\/www.nextmobility.be\/en\/wp-json\/wp\/v2\/posts\/3792","targetHints":{"allow":["GET"]}}],"collection":[{"href":"https:\/\/www.nextmobility.be\/en\/wp-json\/wp\/v2\/posts"}],"about":[{"href":"https:\/\/www.nextmobility.be\/en\/wp-json\/wp\/v2\/types\/post"}],"author":[{"embeddable":true,"href":"https:\/\/www.nextmobility.be\/en\/wp-json\/wp\/v2\/users\/1"}],"replies":[{"embeddable":true,"href":"https:\/\/www.nextmobility.be\/en\/wp-json\/wp\/v2\/comments?post=3792"}],"version-history":[{"count":1,"href":"https:\/\/www.nextmobility.be\/en\/wp-json\/wp\/v2\/posts\/3792\/revisions"}],"predecessor-version":[{"id":3796,"href":"https:\/\/www.nextmobility.be\/en\/wp-json\/wp\/v2\/posts\/3792\/revisions\/3796"}],"wp:featuredmedia":[{"embeddable":true,"href":"https:\/\/www.nextmobility.be\/en\/wp-json\/wp\/v2\/media\/3789"}],"wp:attachment":[{"href":"https:\/\/www.nextmobility.be\/en\/wp-json\/wp\/v2\/media?parent=3792"}],"wp:term":[{"taxonomy":"category","embeddable":true,"href":"https:\/\/www.nextmobility.be\/en\/wp-json\/wp\/v2\/categories?post=3792"},{"taxonomy":"post_tag","embeddable":true,"href":"https:\/\/www.nextmobility.be\/en\/wp-json\/wp\/v2\/tags?post=3792"}],"curies":[{"name":"wp","href":"https:\/\/api.w.org\/{rel}","templated":true}]}}